{"id":3050,"date":"2026-01-23T07:09:00","date_gmt":"2026-01-23T06:09:00","guid":{"rendered":"https:\/\/variationsphase.de\/vp\/?p=3050"},"modified":"2026-01-21T13:11:23","modified_gmt":"2026-01-21T12:11:23","slug":"tapetenwechsel-nach-20-jahren","status":"publish","type":"post","link":"https:\/\/variationsphase.de\/vp\/2026\/01\/tapetenwechsel-nach-20-jahren\/","title":{"rendered":"Tapetenwechsel nach 20 Jahren"},"content":{"rendered":"\n<p>2025 ist vorbei und es fiel mir zum Jahresbeginn 2026 wie Schuppen von den Augen: Ich habe doch allen Ernstes das 20 j\u00e4hrige Jubil\u00e4um meiner Domain verschlafen. In den vergangenen 20 Jahren hat sich die Variationsphase immer wieder ver\u00e4ndert.&nbsp;<\/p>\n\n\n\n<h2 class=\"wp-block-heading\"><strong>Eine kleine R\u00fcckschau<\/strong><\/h2>\n\n\n\n<p>Urspr\u00fcnglich war sie ab 2005 eine reine Galerie f\u00fcr meine Zeichnungen. Erst 10 Jahre sp\u00e4ter erhielt die Variationsphase einen Blog. Alles weiterhin mit Fokus auf das Zeichnen, doch erste Aspekte des Storytellings schlichen sich langsam ein. 2017 fasste ich den Entschluss, dass das Webhosting sich irgendwie selbst finanzieren musste. Ich zeichnete f\u00fcr Spreadshirt und schrieb einige Artikel, die ich mit Affiliate Links versah. Einzelne Artikel erreichten sogar die Mindestanforderungen der VG Wort. Leider sind alle drei Einkommensstr\u00f6me mittlerweile sukzessive eingebrochen, da die Verg\u00fctungen \u00fcberall gek\u00fcrzt wurden und ich auch einfach mit Familie und Job nicht die Energie habe, so viel Output zu generieren, dass ich dagegen ankommen w\u00fcrde.&nbsp;<\/p>\n\n\n\n<p>Noch dazu verschob sich mein Privatleben. Unsere Kinder nahmen mehr Platz ein. Nicht nur zeitlich, sondern auch r\u00e4umlich. Meine Zeichensachen sind mittlerweile quer im Haus verteilt, mein Zeichentablet liegt im Wohnzimmerschrank. Ich habe zwar noch einen Schreibtisch, doch dieser ist vor allem auf meine Home Office Situation ausgerichtet. Nach Feierabend mal noch schnell zeichnen? Keine Chance. Es f\u00fchlt sich an, wie der Gang ins Fitnessstudio. Man muss sich erstmal aufraffen, alles aufzubauen.&nbsp;<\/p>\n\n\n\n<h2 class=\"wp-block-heading\"><strong>Einzug der KI<\/strong><\/h2>\n\n\n\n<p>Gleichzeitig erlebten KI-Modelle wie ChatGPT ihre Hochzeit und irgendwie versuchte ich, meinen Zugang dazu zu finden. Konnte die KI mir helfen, mein kreatives Chaos zu ordnen? Zun\u00e4chst versuchte ich sie vor allem als Recherche Werkzeug zu nutzen, wohlwissend, dass man noch einmal gegenpr\u00fcfen muss. Wobei es in meinem Fall und Fiktion geht und die genauen Details irgendwelcher Geistermythen eigentlich zweitrangig waren. Mein erster Aufschlag half mir noch nicht sehr weiter, doch im M\u00e4rz 2025 passierte dann, was kommen musste.&nbsp;<\/p>\n\n\n\n<p>Ich war mal wieder auf Dienstreise mit dem Zug unterwegs und auf der Heimfahrt war die Luft zum Arbeiten einfach raus. Also lud ich mir ChatGPT herunter und spielte Ideen Ping-Pong zu meiner Story Idee. Ich gab eine Szenenbeschreibung rein, ChatGPT verfasste dazu einen Text. Tats\u00e4chlich feuerte es mein inneres Kopfkino m\u00e4chtig an. Ich reizte den Chat derartig aus, dass ich tats\u00e4chlich das Limit erreichte. Ooops.&nbsp;<\/p>\n\n\n\n<p>Doch ich hatte Blut geleckt. 2023 hatte ich mich noch ausgiebig mit Storytheorie besch\u00e4ftigt und tauchte nun endg\u00fcltig ab. ChatGPT half mir meine letzten Denkknoten zu Dramatica zu l\u00f6sen und ich exerzierte verschiedene Beat Sheets und die Dramatica-Throughlines mit meiner Idee durch, wodurch die Welt immer weiter wuchs. Ich habe in 2025 viel dar\u00fcber gelernt, wie einem diese Modelle helfen k\u00f6nnen und wo sie mich am Ende in die totale Konzeptecke bringen. Musste auf die harte Tour lernen, dass Selbstorganisation f\u00fcr solche Gro\u00dfprojekte das A und O ist. Auch hier hilft die KI indirekt. Ich schilderte ihr meinen Frust und meine Probleme mit der Organisation meines Materials und bekam Hinweise und Tipps. Nicht alles davon war brauchbar, aber es hat mich definitiv weiter gebracht.&nbsp;<\/p>\n\n\n\n<p>\u201eUnd warum besprichst du das nicht einfach mit anderen Schreibenden?\u201c &#8211; Nun ja, das liegt auf der Hand: Ich habe nicht viele in meiner Bubble und die wenigen, die ich habe, haben nicht immer Zeit, das mit mir durchzuhecheln, wenn ich gerade Luft habe.&nbsp;<\/p>\n\n\n\n<p>Die KI wurde also Werkzeug und mein Sparringpartner und ich erkannte auch schnell, dass sie &#8211; zum Gl\u00fcck &#8211; noch nicht so weit ist, selbst eine stringente, konsistente Geschichte zu schreiben. Selbst wenn ich ihr meine 200 Seiten Storybible gebe, ist es ihr nicht m\u00f6glich, alles beisammen zu halten und es gelingt ihr auch nicht, auf Basis meines Storykonzepts die Szenen abzuleiten.&nbsp;<\/p>\n\n\n\n<p>Ihr d\u00fcrft also beruhigt sein. Ja, ich nutze KI &#8211; aber die Texte, die ich schreibe, sind weiterhin von mir. Auch bei Bildern werde ich hier immer voll transparent sein und euch dazu schreiben, wenn ich euch doch ein KI-Bild anbiete. Der innere Anspruch sind eigene Inhalte.&nbsp;<\/p>\n\n\n\n<h2 class=\"wp-block-heading\"><strong>Neuer Fokus<\/strong><\/h2>\n\n\n\n<p>Mit meinem neuen inhaltlichen Fokus merkte ich Ende 2025, dass sich die Variationsphase einfach nicht mehr richtig anf\u00fchlte. Ich hatte zu viel auf fachliche Beitr\u00e4ge gesetzt, um langlebige Inhalte zu erzeugen, die dann via SEO Einnahmen \u00fcber die VG Wort und Affiliate Links erzeugen sollten.&nbsp;<\/p>\n\n\n\n<p>Vielmehr m\u00f6chte ich es nun endlich wagen, mich auf das Storytelling zu konzentrieren. Zu ver\u00f6ffentlichen und euch daran teilhaben zu lassen. Der Untertitel der Variationsphase ist daher nicht l\u00e4nger \u201eVisualisierung &amp; Illustration\u201c, sondern \u201eVisualisierung &amp; Erz\u00e4hlr\u00e4ume\u201c. Auch die Navigation habe ich umstrukturiert. An den Inhalten hat sich jedoch nichts ge\u00e4ndert. Im Unterbau ist noch alles unver\u00e4ndert.&nbsp;<\/p>\n\n\n\n<p>Ich bin sehr gespannt, wie weit ich es dieses Jahr schaffe, meine geplanten Projekte dieses Jahr voran zu treiben.&nbsp;<\/p>\n   ","protected":false},"excerpt":{"rendered":"<p>2025 ist vorbei und es fiel mir zum Jahresbeginn 2026 wie Schuppen von den Augen: Ich habe doch allen Ernstes das 20 j\u00e4hrige Jubil\u00e4um meiner Domain verschlafen. In den vergangenen 20 Jahren hat sich die Variationsphase immer wieder ver\u00e4ndert.&nbsp; Eine<\/p>\n","protected":false},"author":1,"featured_media":3051,"comment_status":"open","ping_status":"open","sticky":false,"template":"","format":"standard","meta":{"footnotes":""},"categories":[44],"tags":[],"class_list":["post-3050","post","type-post","status-publish","format-standard","has-post-thumbnail","hentry","category-blog","","tg-column-two"],"yoast_head":"<!-- This site is optimized with the Yoast SEO plugin v27.5 - https:\/\/yoast.com\/product\/yoast-seo-wordpress\/ -->\n<title>Tapetenwechsel nach 20 Jahren - variationsphase<\/title>\n<meta name=\"robots\" content=\"index, follow, max-snippet:-1, max-image-preview:large, max-video-preview:-1\" \/>\n<link rel=\"canonical\" href=\"https:\/\/variationsphase.de\/vp\/2026\/01\/tapetenwechsel-nach-20-jahren\/\" \/>\n<meta property=\"og:locale\" content=\"de_DE\" \/>\n<meta property=\"og:type\" content=\"article\" \/>\n<meta property=\"og:title\" content=\"Tapetenwechsel nach 20 Jahren - variationsphase\" \/>\n<meta property=\"og:description\" content=\"2025 ist vorbei und es fiel mir zum Jahresbeginn 2026 wie Schuppen von den Augen: Ich habe doch allen Ernstes das 20 j\u00e4hrige Jubil\u00e4um meiner Domain verschlafen. In den vergangenen 20 Jahren hat sich die Variationsphase immer wieder ver\u00e4ndert.&nbsp; Eine\" \/>\n<meta property=\"og:url\" content=\"https:\/\/variationsphase.de\/vp\/2026\/01\/tapetenwechsel-nach-20-jahren\/\" \/>\n<meta property=\"og:site_name\" content=\"variationsphase\" \/>\n<meta property=\"article:published_time\" content=\"2026-01-23T06:09:00+00:00\" \/>\n<meta property=\"og:image\" content=\"https:\/\/variationsphase.de\/vp\/wp-content\/uploads\/2026\/01\/2026-01-23_tapetenwechsel.jpg\" \/>\n\t<meta property=\"og:image:width\" content=\"1400\" \/>\n\t<meta property=\"og:image:height\" content=\"1067\" \/>\n\t<meta property=\"og:image:type\" content=\"image\/jpeg\" \/>\n<meta name=\"author\" content=\"Christina\" \/>\n<meta name=\"twitter:card\" content=\"summary_large_image\" \/>\n<meta name=\"twitter:label1\" content=\"Verfasst von\" \/>\n\t<meta name=\"twitter:data1\" content=\"Christina\" \/>\n\t<meta name=\"twitter:label2\" content=\"Gesch\u00e4tzte Lesezeit\" \/>\n\t<meta name=\"twitter:data2\" content=\"5\u00a0Minuten\" \/>\n<script type=\"application\/ld+json\" class=\"yoast-schema-graph\">{\"@context\":\"https:\\\/\\\/schema.org\",\"@graph\":[{\"@type\":\"Article\",\"@id\":\"https:\\\/\\\/variationsphase.de\\\/vp\\\/2026\\\/01\\\/tapetenwechsel-nach-20-jahren\\\/#article\",\"isPartOf\":{\"@id\":\"https:\\\/\\\/variationsphase.de\\\/vp\\\/2026\\\/01\\\/tapetenwechsel-nach-20-jahren\\\/\"},\"author\":{\"name\":\"Christina\",\"@id\":\"https:\\\/\\\/variationsphase.de\\\/vp\\\/#\\\/schema\\\/person\\\/3bf21877116b4f739db46a11f19ec0dd\"},\"headline\":\"Tapetenwechsel nach 20 Jahren\",\"datePublished\":\"2026-01-23T06:09:00+00:00\",\"mainEntityOfPage\":{\"@id\":\"https:\\\/\\\/variationsphase.de\\\/vp\\\/2026\\\/01\\\/tapetenwechsel-nach-20-jahren\\\/\"},\"wordCount\":811,\"commentCount\":0,\"publisher\":{\"@id\":\"https:\\\/\\\/variationsphase.de\\\/vp\\\/#\\\/schema\\\/person\\\/3bf21877116b4f739db46a11f19ec0dd\"},\"image\":{\"@id\":\"https:\\\/\\\/variationsphase.de\\\/vp\\\/2026\\\/01\\\/tapetenwechsel-nach-20-jahren\\\/#primaryimage\"},\"thumbnailUrl\":\"https:\\\/\\\/variationsphase.de\\\/vp\\\/wp-content\\\/uploads\\\/2026\\\/01\\\/2026-01-23_tapetenwechsel.jpg\",\"articleSection\":[\"Blog\"],\"inLanguage\":\"de\",\"potentialAction\":[{\"@type\":\"CommentAction\",\"name\":\"Comment\",\"target\":[\"https:\\\/\\\/variationsphase.de\\\/vp\\\/2026\\\/01\\\/tapetenwechsel-nach-20-jahren\\\/#respond\"]}]},{\"@type\":\"WebPage\",\"@id\":\"https:\\\/\\\/variationsphase.de\\\/vp\\\/2026\\\/01\\\/tapetenwechsel-nach-20-jahren\\\/\",\"url\":\"https:\\\/\\\/variationsphase.de\\\/vp\\\/2026\\\/01\\\/tapetenwechsel-nach-20-jahren\\\/\",\"name\":\"Tapetenwechsel nach 20 Jahren - variationsphase\",\"isPartOf\":{\"@id\":\"https:\\\/\\\/variationsphase.de\\\/vp\\\/#website\"},\"primaryImageOfPage\":{\"@id\":\"https:\\\/\\\/variationsphase.de\\\/vp\\\/2026\\\/01\\\/tapetenwechsel-nach-20-jahren\\\/#primaryimage\"},\"image\":{\"@id\":\"https:\\\/\\\/variationsphase.de\\\/vp\\\/2026\\\/01\\\/tapetenwechsel-nach-20-jahren\\\/#primaryimage\"},\"thumbnailUrl\":\"https:\\\/\\\/variationsphase.de\\\/vp\\\/wp-content\\\/uploads\\\/2026\\\/01\\\/2026-01-23_tapetenwechsel.jpg\",\"datePublished\":\"2026-01-23T06:09:00+00:00\",\"breadcrumb\":{\"@id\":\"https:\\\/\\\/variationsphase.de\\\/vp\\\/2026\\\/01\\\/tapetenwechsel-nach-20-jahren\\\/#breadcrumb\"},\"inLanguage\":\"de\",\"potentialAction\":[{\"@type\":\"ReadAction\",\"target\":[\"https:\\\/\\\/variationsphase.de\\\/vp\\\/2026\\\/01\\\/tapetenwechsel-nach-20-jahren\\\/\"]}]},{\"@type\":\"ImageObject\",\"inLanguage\":\"de\",\"@id\":\"https:\\\/\\\/variationsphase.de\\\/vp\\\/2026\\\/01\\\/tapetenwechsel-nach-20-jahren\\\/#primaryimage\",\"url\":\"https:\\\/\\\/variationsphase.de\\\/vp\\\/wp-content\\\/uploads\\\/2026\\\/01\\\/2026-01-23_tapetenwechsel.jpg\",\"contentUrl\":\"https:\\\/\\\/variationsphase.de\\\/vp\\\/wp-content\\\/uploads\\\/2026\\\/01\\\/2026-01-23_tapetenwechsel.jpg\",\"width\":1400,\"height\":1067},{\"@type\":\"BreadcrumbList\",\"@id\":\"https:\\\/\\\/variationsphase.de\\\/vp\\\/2026\\\/01\\\/tapetenwechsel-nach-20-jahren\\\/#breadcrumb\",\"itemListElement\":[{\"@type\":\"ListItem\",\"position\":1,\"name\":\"Home\",\"item\":\"https:\\\/\\\/variationsphase.de\\\/vp\\\/\"},{\"@type\":\"ListItem\",\"position\":2,\"name\":\"Tapetenwechsel nach 20 Jahren\"}]},{\"@type\":\"WebSite\",\"@id\":\"https:\\\/\\\/variationsphase.de\\\/vp\\\/#website\",\"url\":\"https:\\\/\\\/variationsphase.de\\\/vp\\\/\",\"name\":\"variationsphase\",\"description\":\"Visualisierung und Erz\u00e4hlr\u00e4ume\",\"publisher\":{\"@id\":\"https:\\\/\\\/variationsphase.de\\\/vp\\\/#\\\/schema\\\/person\\\/3bf21877116b4f739db46a11f19ec0dd\"},\"potentialAction\":[{\"@type\":\"SearchAction\",\"target\":{\"@type\":\"EntryPoint\",\"urlTemplate\":\"https:\\\/\\\/variationsphase.de\\\/vp\\\/?s={search_term_string}\"},\"query-input\":{\"@type\":\"PropertyValueSpecification\",\"valueRequired\":true,\"valueName\":\"search_term_string\"}}],\"inLanguage\":\"de\"},{\"@type\":[\"Person\",\"Organization\"],\"@id\":\"https:\\\/\\\/variationsphase.de\\\/vp\\\/#\\\/schema\\\/person\\\/3bf21877116b4f739db46a11f19ec0dd\",\"name\":\"Christina\",\"logo\":{\"@id\":\"https:\\\/\\\/variationsphase.de\\\/vp\\\/#\\\/schema\\\/person\\\/image\\\/\"},\"url\":\"https:\\\/\\\/variationsphase.de\\\/vp\\\/author\\\/admin\\\/\"}]}<\/script>\n<!-- \/ Yoast SEO plugin. -->","yoast_head_json":{"title":"Tapetenwechsel nach 20 Jahren - variationsphase","robots":{"index":"index","follow":"follow","max-snippet":"max-snippet:-1","max-image-preview":"max-image-preview:large","max-video-preview":"max-video-preview:-1"},"canonical":"https:\/\/variationsphase.de\/vp\/2026\/01\/tapetenwechsel-nach-20-jahren\/","og_locale":"de_DE","og_type":"article","og_title":"Tapetenwechsel nach 20 Jahren - variationsphase","og_description":"2025 ist vorbei und es fiel mir zum Jahresbeginn 2026 wie Schuppen von den Augen: Ich habe doch allen Ernstes das 20 j\u00e4hrige Jubil\u00e4um meiner Domain verschlafen. In den vergangenen 20 Jahren hat sich die Variationsphase immer wieder ver\u00e4ndert.&nbsp; Eine","og_url":"https:\/\/variationsphase.de\/vp\/2026\/01\/tapetenwechsel-nach-20-jahren\/","og_site_name":"variationsphase","article_published_time":"2026-01-23T06:09:00+00:00","og_image":[{"width":1400,"height":1067,"url":"https:\/\/variationsphase.de\/vp\/wp-content\/uploads\/2026\/01\/2026-01-23_tapetenwechsel.jpg","type":"image\/jpeg"}],"author":"Christina","twitter_card":"summary_large_image","twitter_misc":{"Verfasst von":"Christina","Gesch\u00e4tzte Lesezeit":"5\u00a0Minuten"},"schema":{"@context":"https:\/\/schema.org","@graph":[{"@type":"Article","@id":"https:\/\/variationsphase.de\/vp\/2026\/01\/tapetenwechsel-nach-20-jahren\/#article","isPartOf":{"@id":"https:\/\/variationsphase.de\/vp\/2026\/01\/tapetenwechsel-nach-20-jahren\/"},"author":{"name":"Christina","@id":"https:\/\/variationsphase.de\/vp\/#\/schema\/person\/3bf21877116b4f739db46a11f19ec0dd"},"headline":"Tapetenwechsel nach 20 Jahren","datePublished":"2026-01-23T06:09:00+00:00","mainEntityOfPage":{"@id":"https:\/\/variationsphase.de\/vp\/2026\/01\/tapetenwechsel-nach-20-jahren\/"},"wordCount":811,"commentCount":0,"publisher":{"@id":"https:\/\/variationsphase.de\/vp\/#\/schema\/person\/3bf21877116b4f739db46a11f19ec0dd"},"image":{"@id":"https:\/\/variationsphase.de\/vp\/2026\/01\/tapetenwechsel-nach-20-jahren\/#primaryimage"},"thumbnailUrl":"https:\/\/variationsphase.de\/vp\/wp-content\/uploads\/2026\/01\/2026-01-23_tapetenwechsel.jpg","articleSection":["Blog"],"inLanguage":"de","potentialAction":[{"@type":"CommentAction","name":"Comment","target":["https:\/\/variationsphase.de\/vp\/2026\/01\/tapetenwechsel-nach-20-jahren\/#respond"]}]},{"@type":"WebPage","@id":"https:\/\/variationsphase.de\/vp\/2026\/01\/tapetenwechsel-nach-20-jahren\/","url":"https:\/\/variationsphase.de\/vp\/2026\/01\/tapetenwechsel-nach-20-jahren\/","name":"Tapetenwechsel nach 20 Jahren - variationsphase","isPartOf":{"@id":"https:\/\/variationsphase.de\/vp\/#website"},"primaryImageOfPage":{"@id":"https:\/\/variationsphase.de\/vp\/2026\/01\/tapetenwechsel-nach-20-jahren\/#primaryimage"},"image":{"@id":"https:\/\/variationsphase.de\/vp\/2026\/01\/tapetenwechsel-nach-20-jahren\/#primaryimage"},"thumbnailUrl":"https:\/\/variationsphase.de\/vp\/wp-content\/uploads\/2026\/01\/2026-01-23_tapetenwechsel.jpg","datePublished":"2026-01-23T06:09:00+00:00","breadcrumb":{"@id":"https:\/\/variationsphase.de\/vp\/2026\/01\/tapetenwechsel-nach-20-jahren\/#breadcrumb"},"inLanguage":"de","potentialAction":[{"@type":"ReadAction","target":["https:\/\/variationsphase.de\/vp\/2026\/01\/tapetenwechsel-nach-20-jahren\/"]}]},{"@type":"ImageObject","inLanguage":"de","@id":"https:\/\/variationsphase.de\/vp\/2026\/01\/tapetenwechsel-nach-20-jahren\/#primaryimage","url":"https:\/\/variationsphase.de\/vp\/wp-content\/uploads\/2026\/01\/2026-01-23_tapetenwechsel.jpg","contentUrl":"https:\/\/variationsphase.de\/vp\/wp-content\/uploads\/2026\/01\/2026-01-23_tapetenwechsel.jpg","width":1400,"height":1067},{"@type":"BreadcrumbList","@id":"https:\/\/variationsphase.de\/vp\/2026\/01\/tapetenwechsel-nach-20-jahren\/#breadcrumb","itemListElement":[{"@type":"ListItem","position":1,"name":"Home","item":"https:\/\/variationsphase.de\/vp\/"},{"@type":"ListItem","position":2,"name":"Tapetenwechsel nach 20 Jahren"}]},{"@type":"WebSite","@id":"https:\/\/variationsphase.de\/vp\/#website","url":"https:\/\/variationsphase.de\/vp\/","name":"variationsphase","description":"Visualisierung und Erz\u00e4hlr\u00e4ume","publisher":{"@id":"https:\/\/variationsphase.de\/vp\/#\/schema\/person\/3bf21877116b4f739db46a11f19ec0dd"},"potentialAction":[{"@type":"SearchAction","target":{"@type":"EntryPoint","urlTemplate":"https:\/\/variationsphase.de\/vp\/?s={search_term_string}"},"query-input":{"@type":"PropertyValueSpecification","valueRequired":true,"valueName":"search_term_string"}}],"inLanguage":"de"},{"@type":["Person","Organization"],"@id":"https:\/\/variationsphase.de\/vp\/#\/schema\/person\/3bf21877116b4f739db46a11f19ec0dd","name":"Christina","logo":{"@id":"https:\/\/variationsphase.de\/vp\/#\/schema\/person\/image\/"},"url":"https:\/\/variationsphase.de\/vp\/author\/admin\/"}]}},"_links":{"self":[{"href":"https:\/\/variationsphase.de\/vp\/wp-json\/wp\/v2\/posts\/3050","targetHints":{"allow":["GET"]}}],"collection":[{"href":"https:\/\/variationsphase.de\/vp\/wp-json\/wp\/v2\/posts"}],"about":[{"href":"https:\/\/variationsphase.de\/vp\/wp-json\/wp\/v2\/types\/post"}],"author":[{"embeddable":true,"href":"https:\/\/variationsphase.de\/vp\/wp-json\/wp\/v2\/users\/1"}],"replies":[{"embeddable":true,"href":"https:\/\/variationsphase.de\/vp\/wp-json\/wp\/v2\/comments?post=3050"}],"version-history":[{"count":1,"href":"https:\/\/variationsphase.de\/vp\/wp-json\/wp\/v2\/posts\/3050\/revisions"}],"predecessor-version":[{"id":3052,"href":"https:\/\/variationsphase.de\/vp\/wp-json\/wp\/v2\/posts\/3050\/revisions\/3052"}],"wp:featuredmedia":[{"embeddable":true,"href":"https:\/\/variationsphase.de\/vp\/wp-json\/wp\/v2\/media\/3051"}],"wp:attachment":[{"href":"https:\/\/variationsphase.de\/vp\/wp-json\/wp\/v2\/media?parent=3050"}],"wp:term":[{"taxonomy":"category","embeddable":true,"href":"https:\/\/variationsphase.de\/vp\/wp-json\/wp\/v2\/categories?post=3050"},{"taxonomy":"post_tag","embeddable":true,"href":"https:\/\/variationsphase.de\/vp\/wp-json\/wp\/v2\/tags?post=3050"}],"curies":[{"name":"wp","href":"https:\/\/api.w.org\/{rel}","templated":true}]}}